{"id":15900,"date":"2020-02-29T18:33:57","date_gmt":"2020-02-29T18:33:57","guid":{"rendered":"http:\/\/willistowerwatson-v2.site.findly.com\/?p=15900\/"},"modified":"2020-03-01T10:26:52","modified_gmt":"2020-03-01T10:26:52","slug":"karen-mcdonagh-reynolds","status":"publish","type":"post","link":"https:\/\/willistowerwatson.site.findly.com\/de\/2020\/02\/29\/karen-mcdonagh-reynolds\/","title":{"rendered":"Karen McDonagh Reynolds"},"content":{"rendered":"<div id='layer_slider_1' class='avia-layerslider main_color avia-shadow  container_wrap fullsize'    style='height: 601px;' ><\/div>\n<div id='layer_slider_2' class='avia-layerslider main_color avia-shadow  container_wrap fullsize'    style='height: 1141px;' ><\/div>\n<\/div><\/div><\/div><!-- close content main div --><\/div><\/div><div id='av_section_1' class='avia-section main_color avia-section-small avia-no-border-styling avia-bg-style-scroll  full-width testimonial-name container_wrap fullsize' style = 'background-color: #f7f6ef; background-color: #f7f6ef; '  ><div class='container' ><div class='template-page content  av-content-full alpha units'><div class='post-entry post-entry-type-page post-entry-15900'><div class='entry-content-wrapper clearfix'>\n<section class=\"av_textblock_section\"  itemscope=\"itemscope\" itemtype=\"https:\/\/schema.org\/BlogPosting\" itemprop=\"blogPost\" ><div class='avia_textblock '   itemprop=\"text\" ><h5>Lernen Sie <span>Karen McDonagh Reynolds kennen<\/span><\/h5>\n<\/div><\/section>\n<\/div><\/div><\/div><!-- close content main div --><\/div><\/div><div id='av_section_2' class='avia-section main_color avia-section-small avia-no-border-styling avia-bg-style-scroll  testimonial-con container_wrap fullsize'   ><div class='container' ><div class='template-page content  av-content-full alpha units'><div class='post-entry post-entry-type-page post-entry-15900'><div class='entry-content-wrapper clearfix'>\n<div class='flex_column_table av-equal-height-column-flextable' ><div class=\"flex_column av_one_full  no_margin flex_column_table_cell av-equal-height-column av-align-top av-zero-column-padding first   \" style='border-radius:0px; '><section class=\"av_textblock_section\"  itemscope=\"itemscope\" itemtype=\"https:\/\/schema.org\/BlogPosting\" itemprop=\"blogPost\" ><div class='avia_textblock testimonial-hdr'   itemprop=\"text\" ><h2>Rolle: <span>Leiter des Cloud- Cloud Programme Director s<\/span><\/h2>\n<\/div><\/section><\/div><\/div><!--close column table wrapper. Autoclose:  --><div class='flex_column_table av-equal-height-column-flextable' ><div class=\"flex_column av_one_third  flex_column_table_cell av-equal-height-column av-align-top av-zero-column-padding first  left-test \" style='border-radius:0px; '><div class='avia-image-container  av-styling-    avia-align-left '  itemscope=\"itemscope\" itemtype=\"https:\/\/schema.org\/ImageObject\"  ><div class='avia-image-container-inner'><img class='avia_image ' src='https:\/\/willistowerwatson.site.findly.com\/wp-content\/uploads\/sites\/3376\/2019\/01\/GL-18-WEB-6509d4-Karen-Reynolds-280x360-233x300.jpg' alt='karen reynolds' title=''   itemprop=\"contentURL\"  \/><\/div><\/div><\/div><div class='av-flex-placeholder'><\/div><div class=\"flex_column av_two_third  flex_column_table_cell av-equal-height-column av-align-top av-zero-column-padding   right-test \" style='border-radius:0px; '><section class=\"av_textblock_section\"  itemscope=\"itemscope\" itemtype=\"https:\/\/schema.org\/BlogPosting\" itemprop=\"blogPost\" ><div class='avia_textblock testimonial-des'   itemprop=\"text\" ><div class=\"testimonial-right\">\n<div class=\"testimonial-top\">\n<div class=\"testimonial-right-two-column\">\n<p><span class=\"bold\">Team<\/span> <span>Corporate IT<\/span><\/p>\n<p><span class=\"bold\">Segment<\/span> <span>Cloud-Enablement-Team<\/span><\/p>\n<\/div>\n<div class=\"testimonial-right-two-column\">\n<p><span class=\"bold\">Ort<\/span> <span>Ipswich, UK (aber ich reise viel)<\/span><\/p>\n<p><span class=\"bold\">Einstellungsjahr<\/span> <span>2018<\/span><\/p>\n<\/div>\n<\/div>\n<div class=\"testimonial-right-one-column\">\n<p><span class=\"bold\">Universit\u00e4t\/Diplom<\/span> <span>Birmingham City University, Industrielle Informationstechnologie<\/span><\/p>\n<\/div>\n<\/div>\n<\/div><\/section><\/div><\/div><!--close column table wrapper. Autoclose:  --><\/div><\/div><\/div><!-- close content main div --><\/div><\/div><div id='av_section_3' class='avia-section main_color avia-section-no-padding avia-no-border-styling avia-bg-style-scroll   faq-outer testimonial-que first-tq container_wrap fullsize'   ><div class='container' ><div class='template-page content  av-content-full alpha units'><div class='post-entry post-entry-type-page post-entry-15900'><div class='entry-content-wrapper clearfix'>\n<div class='flex_column_table av-equal-height-column-flextable' ><div class=\"flex_column av_one_third  flex_column_table_cell av-equal-height-column av-align-top av-zero-column-padding first   \" style='border-radius:0px; '><section class=\"av_textblock_section\"  itemscope=\"itemscope\" itemtype=\"https:\/\/schema.org\/BlogPosting\" itemprop=\"blogPost\" ><div class='avia_textblock '   itemprop=\"text\" ><p>Pers\u00f6nliche F\u00e4higkeiten oder Interessen<\/p>\n<\/div><\/section><\/div><div class='av-flex-placeholder'><\/div><div class=\"flex_column av_two_third  flex_column_table_cell av-equal-height-column av-align-top av-zero-column-padding   \" style='border-radius:0px; '><section class=\"av_textblock_section\"  itemscope=\"itemscope\" itemtype=\"https:\/\/schema.org\/BlogPosting\" itemprop=\"blogPost\" ><div class='avia_textblock '   itemprop=\"text\" ><p>Meine Leidenschaft gilt meiner Familie, ich liebe es zu kochen und auch Chili anzubauen!<\/p>\n<\/div><\/section><\/div><\/div><!--close column table wrapper. Autoclose:  --><\/div><\/div><\/div><!-- close content main div --><\/div><\/div><div id='av_section_4' class='avia-section main_color avia-section-no-padding avia-no-border-styling avia-bg-style-scroll   faq-outer testimonial-que container_wrap fullsize'   ><div class='container' ><div class='template-page content  av-content-full alpha units'><div class='post-entry post-entry-type-page post-entry-15900'><div class='entry-content-wrapper clearfix'>\n<div class='flex_column_table av-equal-height-column-flextable' ><div class=\"flex_column av_one_third  flex_column_table_cell av-equal-height-column av-align-top av-zero-column-padding first   \" style='border-radius:0px; '><section class=\"av_textblock_section\"  itemscope=\"itemscope\" itemtype=\"https:\/\/schema.org\/BlogPosting\" itemprop=\"blogPost\" ><div class='avia_textblock '   itemprop=\"text\" ><p>K\u00f6nnen Sie uns etwas \u00fcber die allt\u00e4glichen Aufgaben Ihrer Arbeit erz\u00e4hlen?<\/p>\n<\/div><\/section><\/div><div class='av-flex-placeholder'><\/div><div class=\"flex_column av_two_third  flex_column_table_cell av-equal-height-column av-align-top av-zero-column-padding   \" style='border-radius:0px; '><section class=\"av_textblock_section\"  itemscope=\"itemscope\" itemtype=\"https:\/\/schema.org\/BlogPosting\" itemprop=\"blogPost\" ><div class='avia_textblock '   itemprop=\"text\" ><p>Ich bin Teil des Teams, das f\u00fcr die globale Umsetzung des Cloud-Programms von Willis Towers Watson verantwortlich ist. Dies umfasst alles, von der Zusammenarbeit mit den Segmenten, um ihnen bei der Umsetzung ihrer Pl\u00e4ne zu helfen, \u00fcber die Nachverfolgung aller Ergebnisse, Finanzen, Risiken usw. bis hin zur Zusammenf\u00fchrung der richtigen Personen, um unsere ehrgeizige Agenda voranzubringen.<\/p>\n<\/div><\/section><\/div><\/div><!--close column table wrapper. Autoclose:  --><\/div><\/div><\/div><!-- close content main div --><\/div><\/div><div id='av_section_5' class='avia-section main_color avia-section-no-padding avia-no-border-styling avia-bg-style-scroll   faq-outer testimonial-que container_wrap fullsize'   ><div class='container' ><div class='template-page content  av-content-full alpha units'><div class='post-entry post-entry-type-page post-entry-15900'><div class='entry-content-wrapper clearfix'>\n<div class='flex_column_table av-equal-height-column-flextable' ><div class=\"flex_column av_one_third  flex_column_table_cell av-equal-height-column av-align-top av-zero-column-padding first   \" style='border-radius:0px; '><section class=\"av_textblock_section\"  itemscope=\"itemscope\" itemtype=\"https:\/\/schema.org\/BlogPosting\" itemprop=\"blogPost\" ><div class='avia_textblock '   itemprop=\"text\" ><p>Was sind die wichtigsten Herausforderungen Ihrer Rolle? Wie haben Sie diese \u00fcberwunden?<\/p>\n<\/div><\/section><\/div><div class='av-flex-placeholder'><\/div><div class=\"flex_column av_two_third  flex_column_table_cell av-equal-height-column av-align-top av-zero-column-padding   \" style='border-radius:0px; '><section class=\"av_textblock_section\"  itemscope=\"itemscope\" itemtype=\"https:\/\/schema.org\/BlogPosting\" itemprop=\"blogPost\" ><div class='avia_textblock '   itemprop=\"text\" ><p>Eine zentrale Herausforderung besteht darin, den Menschen die neuen M\u00f6glichkeiten nahe zu bringen, die sich uns als Unternehmen mit neuen Cloud-Technologien bieten. Ich habe gelernt, wenn ich mir die Zeit nehme, mit den Leuten zu sprechen und sie zu schulen, erkennen Sie unsere Bereitschaft, uns als Organisation zu entwickeln und neue Ideen aufzunehmen.<\/p>\n<\/div><\/section><\/div><\/div><!--close column table wrapper. Autoclose:  --><\/div><\/div><\/div><!-- close content main div --><\/div><\/div><div id='av_section_6' class='avia-section main_color avia-section-no-padding avia-no-border-styling avia-bg-style-scroll   faq-outer testimonial-que container_wrap fullsize'   ><div class='container' ><div class='template-page content  av-content-full alpha units'><div class='post-entry post-entry-type-page post-entry-15900'><div class='entry-content-wrapper clearfix'>\n<div class='flex_column_table av-equal-height-column-flextable' ><div class=\"flex_column av_one_third  flex_column_table_cell av-equal-height-column av-align-top av-zero-column-padding first   \" style='border-radius:0px; '><section class=\"av_textblock_section\"  itemscope=\"itemscope\" itemtype=\"https:\/\/schema.org\/BlogPosting\" itemprop=\"blogPost\" ><div class='avia_textblock '   itemprop=\"text\" ><p>Auf welche Leistung sind Sie seit Ihrem Beitritt zu Willis Towers Watson besonders stolz?<\/p>\n<\/div><\/section><\/div><div class='av-flex-placeholder'><\/div><div class=\"flex_column av_two_third  flex_column_table_cell av-equal-height-column av-align-top av-zero-column-padding   \" style='border-radius:0px; '><section class=\"av_textblock_section\"  itemscope=\"itemscope\" itemtype=\"https:\/\/schema.org\/BlogPosting\" itemprop=\"blogPost\" ><div class='avia_textblock '   itemprop=\"text\" ><p>Den ersten Auszubildenden in die IT zu holen und ihn in der Rolle wachsen zu sehen und Teil des Teams zu werden, hat viel Freude gemacht.<br \/>\nIch bin auch sehr stolz darauf, ein Teil der Bestrebungen von Willis Towers Watsons zur Transformation der IT durch Inklusion und Vielfalt (Inclusion and Diversity &#8211; I&amp;D) zu sein. Es ist wichtig, sich intern und extern zu engagieren, um Kandidaten \u00fcber unsere eigenen pers\u00f6nlichen Netzwerke und LinkedIn zu finden und zu f\u00f6rdern, um einen gro\u00dfen Pool an unterschiedlichen Talenten zu f\u00f6rdern, die in die IT-Abteilung aufgenommen werden.<br \/>\nImmer mehr Menschen wollen in einer Organisation arbeiten, die sich um ihre Mitarbeiter k\u00fcmmert und es ihnen erm\u00f6glicht, ihr ganzes Selbst im B\u00fcro einzubringen. Es macht mir Spa\u00df Teil dieser I&amp;D-Initiative zu sein, die eine Basis schafft &#8211; es ist so wichtig und langsam kommen wir zu unserem Ziel. Ich bin dankbar, dass ich von Kollegen auf hoher Ebene unterst\u00fctzt werde. Wir m\u00fcssen gemeinsam Ver\u00e4nderungen schaffen &#8211; sonst geschieht es nicht.<\/p>\n<\/div><\/section><\/div><\/div><!--close column table wrapper. Autoclose:  --><\/div><\/div><\/div><!-- close content main div --><\/div><\/div><div id='av_section_7' class='avia-section main_color avia-section-no-padding avia-no-border-styling avia-bg-style-scroll   faq-outer testimonial-que container_wrap fullsize'   ><div class='container' ><div class='template-page content  av-content-full alpha units'><div class='post-entry post-entry-type-page post-entry-15900'><div class='entry-content-wrapper clearfix'>\n<div class='flex_column_table av-equal-height-column-flextable' ><div class=\"flex_column av_one_third  flex_column_table_cell av-equal-height-column av-align-top av-zero-column-padding first   \" style='border-radius:0px; '><section class=\"av_textblock_section\"  itemscope=\"itemscope\" itemtype=\"https:\/\/schema.org\/BlogPosting\" itemprop=\"blogPost\" ><div class='avia_textblock '   itemprop=\"text\" ><p>Was gef\u00e4llt Ihnen an der Arbeit bei Willis Towers Watson am besten?<\/p>\n<\/div><\/section><\/div><div class='av-flex-placeholder'><\/div><div class=\"flex_column av_two_third  flex_column_table_cell av-equal-height-column av-align-top av-zero-column-padding   \" style='border-radius:0px; '><section class=\"av_textblock_section\"  itemscope=\"itemscope\" itemtype=\"https:\/\/schema.org\/BlogPosting\" itemprop=\"blogPost\" ><div class='avia_textblock '   itemprop=\"text\" ><p>Die Menschen sind der beste Aspekt der Arbeit bei Willis Towers Watson. Mein Team ist das beste Team, dem ich je angeh\u00f6rte &#8211; Profis an der Spitze, mit denen es viel Spa\u00df macht, zusammenzuarbeiten. Unser Team ist progressiv, wir betrachten uns selbst im Spiegel und wie wir uns ver\u00e4ndern m\u00fcssen, vor allem unter dem Gesichtspunkt der Vielfalt. Wir leben wirklich I&amp;D &#8211; das ist sehr wichtig im technischen Bereich.<\/p>\n<\/div><\/section><\/div><\/div><!--close column table wrapper. Autoclose:  --><\/div><\/div><\/div><!-- close content main div --><\/div><\/div><div id='av_section_8' class='avia-section main_color avia-section-no-padding avia-no-border-styling avia-bg-style-scroll   faq-outer testimonial-que container_wrap fullsize'   ><div class='container' ><div class='template-page content  av-content-full alpha units'><div class='post-entry post-entry-type-page post-entry-15900'><div class='entry-content-wrapper clearfix'>\n<div class='flex_column_table av-equal-height-column-flextable' ><div class=\"flex_column av_one_third  flex_column_table_cell av-equal-height-column av-align-top av-zero-column-padding first   \" style='border-radius:0px; '><section class=\"av_textblock_section\"  itemscope=\"itemscope\" itemtype=\"https:\/\/schema.org\/BlogPosting\" itemprop=\"blogPost\" ><div class='avia_textblock '   itemprop=\"text\" ><p>Gab es etwas, das Sie hinsichtlich Ihrer Rolle oder des Unternehmens \u00fcberrascht hat?<\/p>\n<\/div><\/section><\/div><div class='av-flex-placeholder'><\/div><div class=\"flex_column av_two_third  flex_column_table_cell av-equal-height-column av-align-top av-zero-column-padding   \" style='border-radius:0px; '><section class=\"av_textblock_section\"  itemscope=\"itemscope\" itemtype=\"https:\/\/schema.org\/BlogPosting\" itemprop=\"blogPost\" ><div class='avia_textblock '   itemprop=\"text\" ><p>Der Umfang der Arbeit die wir leisten, hat mich am meisten \u00fcberrascht. Wir sind so viel mehr als ein Beratungs- und Versicherungsunternehmen. Wir sind in so vielen M\u00e4rkten weltweit t\u00e4tig und jeden Tag lerne ich etwas Neues \u00fcber das Gesch\u00e4ft.<br \/>\nAufgrund der Position und des Rufs unseres Unternehmens habe ich das Gl\u00fcck, mit modernsten Technologien zu arbeiten und eng mit Lieferanten zusammenzuarbeiten, wo wir Erkenntnisse f\u00fcr Erstellung Ihrer Tools liefern k\u00f6nnen. Au\u00dferdem habe ich niemanden getroffen, der hier nicht wirklich nett ist.<\/p>\n<\/div><\/section><\/div><\/div><!--close column table wrapper. Autoclose:  --><\/div><\/div><\/div><!-- close content main div --><\/div><\/div><div id='av_section_9' class='avia-section main_color avia-section-no-padding avia-no-border-styling avia-bg-style-scroll   faq-outer testimonial-que container_wrap fullsize'   ><div class='container' ><div class='template-page content  av-content-full alpha units'><div class='post-entry post-entry-type-page post-entry-15900'><div class='entry-content-wrapper clearfix'>\n<div class='flex_column_table av-equal-height-column-flextable' ><div class=\"flex_column av_one_third  flex_column_table_cell av-equal-height-column av-align-top av-zero-column-padding first   \" style='border-radius:0px; '><section class=\"av_textblock_section\"  itemscope=\"itemscope\" itemtype=\"https:\/\/schema.org\/BlogPosting\" itemprop=\"blogPost\" ><div class='avia_textblock '   itemprop=\"text\" ><p>Basierend auf Ihren Erfahrungen, welchen Rat w\u00fcrden Sie jemandem geben, der eine Anstellung bei Willis Towers Watson in Betracht zieht?<\/p>\n<\/div><\/section><\/div><div class='av-flex-placeholder'><\/div><div class=\"flex_column av_two_third  flex_column_table_cell av-equal-height-column av-align-top av-zero-column-padding   \" style='border-radius:0px; '><section class=\"av_textblock_section\"  itemscope=\"itemscope\" itemtype=\"https:\/\/schema.org\/BlogPosting\" itemprop=\"blogPost\" ><div class='avia_textblock '   itemprop=\"text\" ><p>Mein Ratschlag w\u00e4re, sich zu bewerben, auch wenn Sie die Jobanforderungen nicht zu 100% erf\u00fcllen k\u00f6nnen. Auch wenn Sie das Gef\u00fchl haben, dass Sie nicht jedes K\u00e4stchen in der Stellenbeschreibung ankreuzen, empfehlen wir Ihnen, sich trotzdem zu bewerben. Geben Sie uns die M\u00f6glichkeit, ein Gespr\u00e4ch mit Ihnen zu f\u00fchren. Wenn Sie nicht f\u00fcr die aktuelle Stelle geeignet sind, m\u00f6chten wir Sie vielleicht einladen, sich erneut f\u00fcr eine andere Stelle zu bewerben.<br \/>\nWenn wir Menschen an Bord holen, wollen wir sicherstellen, dass es Ihnen hier gut geht. Es braucht nur eine Person, um ein Team aufzul\u00f6sen. Deshalb suchen wir nach Menschen, die zu unseren Kernwerten passen. Beispielsweise akzeptiert unser Team positive St\u00f6rungen im Gegensatz zu konfrontativen Herausforderungen &#8211; es ist okay zu sagen, ich stimme nicht zu &#8211; wir wollen voneinander lernen, verstehen, was funktioniert, was nicht funktioniert und was verbessert werden kann.<\/p>\n<\/div><\/section><\/div><\/div><!--close column table wrapper. Autoclose:  --><\/div><\/div><\/div><!-- close content main div --><\/div><\/div><div id='av_section_10' class='avia-section main_color avia-section-default avia-no-border-styling avia-bg-style-scroll  whats-new hidden-mobile container_wrap fullsize'   ><div class='container' ><div class='template-page content  av-content-full alpha units'><div class='post-entry post-entry-type-page post-entry-15900'><div class='entry-content-wrapper clearfix'>\n<section class=\"av_textblock_section\"  itemscope=\"itemscope\" itemtype=\"https:\/\/schema.org\/BlogPosting\" itemprop=\"blogPost\" ><div class='avia_textblock '   itemprop=\"text\" ><h2 class=\"inner-heading mb0\">MEET OUR PEOPLE<\/h2>\n<\/div><\/section>\n\n<\/p>\n<\/div><\/div><\/div><!-- close content main div --><\/div><\/div><div id='av_section_11' class='avia-section main_color avia-section-default avia-no-border-styling avia-bg-style-scroll  whats-new hidden-desktop visible-mobile container_wrap fullsize'   ><div class='container' ><div class='template-page content  av-content-full alpha units'><div class='post-entry post-entry-type-page post-entry-15900'><div class='entry-content-wrapper clearfix'>\n<section class=\"av_textblock_section\"  itemscope=\"itemscope\" itemtype=\"https:\/\/schema.org\/BlogPosting\" itemprop=\"blogPost\" ><div class='avia_textblock '   itemprop=\"text\" ><h2 class=\"inner-heading mb0\">MEET OUR PEOPLE<\/h2>\n<\/div><\/section>\n\n\n","protected":false},"excerpt":{"rendered":"<p> Leiter des Cloud- Cloud Programme Director s<span class=\"location\">Ipswich, UK (aber ich reise viel)<\/span><br \/>\n<span class=\"category-map hidden\">Technologie<\/span><\/p>\n","protected":false},"author":531,"featured_media":6449,"comment_status":"closed","ping_status":"closed","sticky":false,"template":"","format":"standard","meta":{"pgc_meta":"","footnotes":""},"categories":[517],"tags":[],"location_type":[],"class_list":["post-15900","post","type-post","status-publish","format-standard","has-post-thumbnail","hentry","category-technology-de"],"yoast_head":"<!-- This site is optimized with the Yoast SEO Premium plugin v23.0 (Yoast SEO v23.0) - https:\/\/yoast.com\/wordpress\/plugins\/seo\/ -->\n<title>Willis Towers Watson - Lernen Sie Karen McDonagh Reynolds kennen<\/title>\n<meta name=\"description\" content=\"Lernen Sie Karen McDonagh Reynolds kennen. Testimonial - Leiter des Cloud- Cloud Programme Director s\" \/>\n<meta name=\"robots\" content=\"index, follow, max-snippet:-1, max-image-preview:large, max-video-preview:-1\" \/>\n<link rel=\"canonical\" href=\"https:\/\/careers.wtwco.com\/de\/2020\/02\/29\/karen-mcdonagh-reynolds\/\" \/>\n<meta property=\"og:locale\" content=\"de_DE\" \/>\n<meta property=\"og:type\" content=\"article\" \/>\n<meta property=\"og:title\" content=\"Karen McDonagh Reynolds\" \/>\n<meta property=\"og:description\" content=\"Lernen Sie Karen McDonagh Reynolds kennen. Testimonial - Leiter des Cloud- Cloud Programme Director s\" \/>\n<meta property=\"og:url\" content=\"https:\/\/careers.wtwco.com\/de\/2020\/02\/29\/karen-mcdonagh-reynolds\/\" \/>\n<meta property=\"article:published_time\" content=\"2020-02-29T18:33:57+00:00\" \/>\n<meta property=\"article:modified_time\" content=\"2020-03-01T10:26:52+00:00\" \/>\n<meta property=\"og:image\" content=\"https:\/\/willistowerwatson.site.findly.com\/wp-content\/uploads\/sites\/830\/2019\/01\/51.jpg\" \/>\n\t<meta property=\"og:image:width\" content=\"280\" \/>\n\t<meta property=\"og:image:height\" content=\"273\" \/>\n\t<meta property=\"og:image:type\" content=\"image\/jpeg\" \/>\n<meta name=\"twitter:label1\" content=\"Verfasst von\" \/>\n\t<meta name=\"twitter:data1\" content=\"\" \/>\n\t<meta name=\"twitter:label2\" content=\"Gesch\u00e4tzte Lesezeit\" \/>\n\t<meta name=\"twitter:data2\" content=\"15\u00a0Minuten\" \/>\n<script type=\"application\/ld+json\" class=\"yoast-schema-graph\">{\"@context\":\"https:\/\/schema.org\",\"@graph\":[{\"@type\":\"WebPage\",\"@id\":\"https:\/\/careers.wtwco.com\/de\/2020\/02\/29\/karen-mcdonagh-reynolds\/\",\"url\":\"https:\/\/careers.wtwco.com\/de\/2020\/02\/29\/karen-mcdonagh-reynolds\/\",\"name\":\"Willis Towers Watson - Lernen Sie Karen McDonagh Reynolds kennen\",\"isPartOf\":{\"@id\":\"https:\/\/careers.wtwco.com\/#website\"},\"primaryImageOfPage\":{\"@id\":\"https:\/\/careers.wtwco.com\/de\/2020\/02\/29\/karen-mcdonagh-reynolds\/#primaryimage\"},\"image\":{\"@id\":\"https:\/\/careers.wtwco.com\/de\/2020\/02\/29\/karen-mcdonagh-reynolds\/#primaryimage\"},\"thumbnailUrl\":\"https:\/\/willistowerwatson.site.findly.com\/wp-content\/uploads\/sites\/3376\/2019\/01\/51.jpg\",\"datePublished\":\"2020-02-29T18:33:57+00:00\",\"dateModified\":\"2020-03-01T10:26:52+00:00\",\"author\":{\"@id\":\"\"},\"description\":\"Lernen Sie Karen McDonagh Reynolds kennen. Testimonial - Leiter des Cloud- Cloud Programme Director s\",\"breadcrumb\":{\"@id\":\"https:\/\/careers.wtwco.com\/de\/2020\/02\/29\/karen-mcdonagh-reynolds\/#breadcrumb\"},\"inLanguage\":\"de\",\"potentialAction\":[{\"@type\":\"ReadAction\",\"target\":[\"https:\/\/careers.wtwco.com\/de\/2020\/02\/29\/karen-mcdonagh-reynolds\/\"]}]},{\"@type\":\"ImageObject\",\"inLanguage\":\"de\",\"@id\":\"https:\/\/careers.wtwco.com\/de\/2020\/02\/29\/karen-mcdonagh-reynolds\/#primaryimage\",\"url\":\"https:\/\/willistowerwatson.site.findly.com\/wp-content\/uploads\/sites\/3376\/2019\/01\/51.jpg\",\"contentUrl\":\"https:\/\/willistowerwatson.site.findly.com\/wp-content\/uploads\/sites\/3376\/2019\/01\/51.jpg\",\"width\":280,\"height\":273,\"caption\":\"Karen McDonagh Reynolds\"},{\"@type\":\"BreadcrumbList\",\"@id\":\"https:\/\/careers.wtwco.com\/de\/2020\/02\/29\/karen-mcdonagh-reynolds\/#breadcrumb\",\"itemListElement\":[{\"@type\":\"ListItem\",\"position\":1,\"name\":\"Home\",\"item\":\"https:\/\/careers.wtwco.com\/de\/\"},{\"@type\":\"ListItem\",\"position\":2,\"name\":\"Karen McDonagh Reynolds\"}]},{\"@type\":\"WebSite\",\"@id\":\"https:\/\/careers.wtwco.com\/#website\",\"url\":\"https:\/\/careers.wtwco.com\/\",\"name\":\"\",\"description\":\"ibee Demo Site\",\"potentialAction\":[{\"@type\":\"SearchAction\",\"target\":{\"@type\":\"EntryPoint\",\"urlTemplate\":\"https:\/\/careers.wtwco.com\/?s={search_term_string}\"},\"query-input\":\"required name=search_term_string\"}],\"inLanguage\":\"de\"},{\"@type\":\"Person\",\"@id\":\"\",\"url\":\"https:\/\/willistowerwatson.site.findly.com\/de\/author\/\"}]}<\/script>\n<!-- \/ Yoast SEO Premium plugin. -->","yoast_head_json":{"title":"Willis Towers Watson - Lernen Sie Karen McDonagh Reynolds kennen","description":"Lernen Sie Karen McDonagh Reynolds kennen. Testimonial - Leiter des Cloud- Cloud Programme Director s","robots":{"index":"index","follow":"follow","max-snippet":"max-snippet:-1","max-image-preview":"max-image-preview:large","max-video-preview":"max-video-preview:-1"},"canonical":"https:\/\/careers.wtwco.com\/de\/2020\/02\/29\/karen-mcdonagh-reynolds\/","og_locale":"de_DE","og_type":"article","og_title":"Karen McDonagh Reynolds","og_description":"Lernen Sie Karen McDonagh Reynolds kennen. Testimonial - Leiter des Cloud- Cloud Programme Director s","og_url":"https:\/\/careers.wtwco.com\/de\/2020\/02\/29\/karen-mcdonagh-reynolds\/","article_published_time":"2020-02-29T18:33:57+00:00","article_modified_time":"2020-03-01T10:26:52+00:00","og_image":[{"width":280,"height":273,"url":"https:\/\/willistowerwatson.site.findly.com\/wp-content\/uploads\/sites\/830\/2019\/01\/51.jpg","type":"image\/jpeg"}],"twitter_misc":{"Verfasst von":"","Gesch\u00e4tzte Lesezeit":"15\u00a0Minuten"},"schema":{"@context":"https:\/\/schema.org","@graph":[{"@type":"WebPage","@id":"https:\/\/careers.wtwco.com\/de\/2020\/02\/29\/karen-mcdonagh-reynolds\/","url":"https:\/\/careers.wtwco.com\/de\/2020\/02\/29\/karen-mcdonagh-reynolds\/","name":"Willis Towers Watson - Lernen Sie Karen McDonagh Reynolds kennen","isPartOf":{"@id":"https:\/\/careers.wtwco.com\/#website"},"primaryImageOfPage":{"@id":"https:\/\/careers.wtwco.com\/de\/2020\/02\/29\/karen-mcdonagh-reynolds\/#primaryimage"},"image":{"@id":"https:\/\/careers.wtwco.com\/de\/2020\/02\/29\/karen-mcdonagh-reynolds\/#primaryimage"},"thumbnailUrl":"https:\/\/willistowerwatson.site.findly.com\/wp-content\/uploads\/sites\/3376\/2019\/01\/51.jpg","datePublished":"2020-02-29T18:33:57+00:00","dateModified":"2020-03-01T10:26:52+00:00","author":{"@id":""},"description":"Lernen Sie Karen McDonagh Reynolds kennen. Testimonial - Leiter des Cloud- Cloud Programme Director s","breadcrumb":{"@id":"https:\/\/careers.wtwco.com\/de\/2020\/02\/29\/karen-mcdonagh-reynolds\/#breadcrumb"},"inLanguage":"de","potentialAction":[{"@type":"ReadAction","target":["https:\/\/careers.wtwco.com\/de\/2020\/02\/29\/karen-mcdonagh-reynolds\/"]}]},{"@type":"ImageObject","inLanguage":"de","@id":"https:\/\/careers.wtwco.com\/de\/2020\/02\/29\/karen-mcdonagh-reynolds\/#primaryimage","url":"https:\/\/willistowerwatson.site.findly.com\/wp-content\/uploads\/sites\/3376\/2019\/01\/51.jpg","contentUrl":"https:\/\/willistowerwatson.site.findly.com\/wp-content\/uploads\/sites\/3376\/2019\/01\/51.jpg","width":280,"height":273,"caption":"Karen McDonagh Reynolds"},{"@type":"BreadcrumbList","@id":"https:\/\/careers.wtwco.com\/de\/2020\/02\/29\/karen-mcdonagh-reynolds\/#breadcrumb","itemListElement":[{"@type":"ListItem","position":1,"name":"Home","item":"https:\/\/careers.wtwco.com\/de\/"},{"@type":"ListItem","position":2,"name":"Karen McDonagh Reynolds"}]},{"@type":"WebSite","@id":"https:\/\/careers.wtwco.com\/#website","url":"https:\/\/careers.wtwco.com\/","name":"","description":"ibee Demo Site","potentialAction":[{"@type":"SearchAction","target":{"@type":"EntryPoint","urlTemplate":"https:\/\/careers.wtwco.com\/?s={search_term_string}"},"query-input":"required name=search_term_string"}],"inLanguage":"de"},{"@type":"Person","@id":"","url":"https:\/\/willistowerwatson.site.findly.com\/de\/author\/"}]}},"_links":{"self":[{"href":"https:\/\/willistowerwatson.site.findly.com\/de\/wp-json\/wp\/v2\/posts\/15900","targetHints":{"allow":["GET"]}}],"collection":[{"href":"https:\/\/willistowerwatson.site.findly.com\/de\/wp-json\/wp\/v2\/posts"}],"about":[{"href":"https:\/\/willistowerwatson.site.findly.com\/de\/wp-json\/wp\/v2\/types\/post"}],"author":[{"embeddable":true,"href":"https:\/\/willistowerwatson.site.findly.com\/de\/wp-json\/wp\/v2\/users\/531"}],"replies":[{"embeddable":true,"href":"https:\/\/willistowerwatson.site.findly.com\/de\/wp-json\/wp\/v2\/comments?post=15900"}],"version-history":[{"count":0,"href":"https:\/\/willistowerwatson.site.findly.com\/de\/wp-json\/wp\/v2\/posts\/15900\/revisions"}],"wp:featuredmedia":[{"embeddable":true,"href":"https:\/\/willistowerwatson.site.findly.com\/de\/wp-json\/wp\/v2\/media\/6449"}],"wp:attachment":[{"href":"https:\/\/willistowerwatson.site.findly.com\/de\/wp-json\/wp\/v2\/media?parent=15900"}],"wp:term":[{"taxonomy":"category","embeddable":true,"href":"https:\/\/willistowerwatson.site.findly.com\/de\/wp-json\/wp\/v2\/categories?post=15900"},{"taxonomy":"post_tag","embeddable":true,"href":"https:\/\/willistowerwatson.site.findly.com\/de\/wp-json\/wp\/v2\/tags?post=15900"},{"taxonomy":"location_type","embeddable":true,"href":"https:\/\/willistowerwatson.site.findly.com\/de\/wp-json\/wp\/v2\/location_type?post=15900"}],"curies":[{"name":"wp","href":"https:\/\/api.w.org\/{rel}","templated":true}]}}