{"id":17962,"date":"2020-05-17T11:10:03","date_gmt":"2020-05-17T11:10:03","guid":{"rendered":"http:\/\/willistowerwatson-v2.site.findly.com\/2020\/05\/17\/jaime-sanchez-gomez-landero\/"},"modified":"2020-06-15T16:45:31","modified_gmt":"2020-06-15T16:45:31","slug":"jaime-sanchez-gomez-landero","status":"publish","type":"post","link":"https:\/\/willistowerwatson.site.findly.com\/fr\/2020\/05\/17\/jaime-sanchez-gomez-landero\/","title":{"rendered":"Jaime S\u00e1nchez G\u00f3mez-Landero"},"content":{"rendered":"<\/div><\/div><\/div><!-- close content main div --><\/div><\/div><div id='av_section_1' class='avia-section main_color avia-section-no-padding avia-no-border-styling avia-bg-style-scroll  blog-banner container_wrap fullsize'   ><div class='container' ><div class='template-page content  av-content-full alpha units'><div class='post-entry post-entry-type-page post-entry-17962'><div class='entry-content-wrapper clearfix'>\n<section class=\"avia_codeblock_section avia_code_block_0\"  itemscope=\"itemscope\" itemtype=\"https:\/\/schema.org\/BlogPosting\" itemprop=\"blogPost\" ><div class='avia_codeblock blog-banner-desk desktop-visible'  itemprop=\"text\" > [avia_codeblock_placeholder uid=\"0\"] <\/div><\/section>\n<section class=\"avia_codeblock_section avia_code_block_1\"  itemscope=\"itemscope\" itemtype=\"https:\/\/schema.org\/BlogPosting\" itemprop=\"blogPost\" ><div class='avia_codeblock mobile-visible blog-slider-mobile'  itemprop=\"text\" > [avia_codeblock_placeholder uid=\"1\"] <\/div><\/section>\n\n<\/div><\/div><\/div><!-- close content main div --><\/div><\/div><div id='av_section_2' class='avia-section main_color avia-section-small avia-no-border-styling avia-bg-style-scroll  full-width testimonial-name container_wrap fullsize' style = 'background-color: #f7f6ef; background-color: #f7f6ef; '  ><div class='container' ><div class='template-page content  av-content-full alpha units'><div class='post-entry post-entry-type-page post-entry-17962'><div class='entry-content-wrapper clearfix'>\n<section class=\"av_textblock_section\"  itemscope=\"itemscope\" itemtype=\"https:\/\/schema.org\/BlogPosting\" itemprop=\"blogPost\" ><div class='avia_textblock '   itemprop=\"text\" ><h5>Rencontre avec Jaime <span>S\u00e1nchez G\u00f3mez-Landero<\/span><\/h5>\n<\/div><\/section>\n\n<\/div><\/div><\/div><!-- close content main div --><\/div><\/div><div id='av_section_3' class='avia-section main_color avia-section-small avia-no-border-styling avia-bg-style-scroll  testimonial-con container_wrap fullsize'   ><div class='container' ><div class='template-page content  av-content-full alpha units'><div class='post-entry post-entry-type-page post-entry-17962'><div class='entry-content-wrapper clearfix'>\n<div class='flex_column_table av-equal-height-column-flextable' ><div class=\"flex_column av_one_full  no_margin flex_column_table_cell av-equal-height-column av-align-top av-zero-column-padding first   \" style='border-radius:0px; '><section class=\"av_textblock_section\"  itemscope=\"itemscope\" itemtype=\"https:\/\/schema.org\/BlogPosting\" itemprop=\"blogPost\" ><div class='avia_textblock testimonial-hdr'   itemprop=\"text\" ><h2>Project Manager, <span>Iberia<\/span><\/h2>\n<\/div><\/section><\/div><\/div><!--close column table wrapper. Autoclose:  --><div class='flex_column_table av-equal-height-column-flextable' ><div class=\"flex_column av_one_third  flex_column_table_cell av-equal-height-column av-align-top av-zero-column-padding first  left-test \" style='border-radius:0px; '><div class='avia-image-container  av-styling-    avia-align-left '  itemscope=\"itemscope\" itemtype=\"https:\/\/schema.org\/ImageObject\"  ><div class='avia-image-container-inner'><img class='avia_image ' src='https:\/\/willistowerwatson.site.findly.com\/wp-content\/uploads\/sites\/3376\/2019\/01\/GL-18-WEB-6509d7-Jaime-Sanchez-280x360-233x300.jpg' alt='' title='GL-18-WEB-6509d7-Jaime-Sanchez-280x360'   itemprop=\"contentURL\"  \/><\/div><\/div><\/div><div class='av-flex-placeholder'><\/div><div class=\"flex_column av_two_third  flex_column_table_cell av-equal-height-column av-align-top av-zero-column-padding   right-test \" style='border-radius:0px; '><section class=\"av_textblock_section\"  itemscope=\"itemscope\" itemtype=\"https:\/\/schema.org\/BlogPosting\" itemprop=\"blogPost\" ><div class='avia_textblock testimonial-des'   itemprop=\"text\" ><div class=\"testimonial-right\">\n<div class=\"testimonial-top\">\n<div class=\"testimonial-right-two-column\">\n<p><span class=\"bold\">\u00c9quipe<\/span> <span>Operations and Client Management<\/span><\/p>\n<p><span class=\"bold\">Secteur d&rsquo;activit\u00e9<\/span> <span>Health and Benefits<\/span><\/p>\n<\/div>\n<div class=\"testimonial-right-two-column\">\n<p><span class=\"bold\">Site<\/span> <span>Madrid, Espagne<\/span><\/p>\n<p><span class=\"bold\">Embauch\u00e9 en<\/span> <span>2013 (comme stagiaire) et 2015 (comme collaborateur)<\/span><\/p>\n<\/div>\n<\/div>\n<div class=\"testimonial-right-one-column\">\n<p><span class=\"bold\">Universit\u00e9\/dipl\u00f4me<\/span> <span>Universidad Carlos III Madrid et San Diego State University, Business Administration<\/span><\/p>\n<\/div>\n<\/div>\n<\/div><\/section><\/div><\/div><!--close column table wrapper. Autoclose:  --><\/div><\/div><\/div><!-- close content main div --><\/div><\/div><div id='av_section_4' class='avia-section main_color avia-section-no-padding avia-no-border-styling avia-bg-style-scroll   faq-outer testimonial-que first-tq container_wrap fullsize'   ><div class='container' ><div class='template-page content  av-content-full alpha units'><div class='post-entry post-entry-type-page post-entry-17962'><div class='entry-content-wrapper clearfix'>\n<div class='flex_column_table av-equal-height-column-flextable' ><div class=\"flex_column av_one_third  flex_column_table_cell av-equal-height-column av-align-top av-zero-column-padding first   \" style='border-radius:0px; '><section class=\"av_textblock_section\"  itemscope=\"itemscope\" itemtype=\"https:\/\/schema.org\/BlogPosting\" itemprop=\"blogPost\" ><div class='avia_textblock '   itemprop=\"text\" ><p>Quels sont vos centres d\u2019int\u00e9r\u00eat ?<\/p>\n<\/div><\/section><\/div><div class='av-flex-placeholder'><\/div><div class=\"flex_column av_two_third  flex_column_table_cell av-equal-height-column av-align-top av-zero-column-padding   \" style='border-radius:0px; '><section class=\"av_textblock_section\"  itemscope=\"itemscope\" itemtype=\"https:\/\/schema.org\/BlogPosting\" itemprop=\"blogPost\" ><div class='avia_textblock '   itemprop=\"text\" ><p>J&rsquo;adore mon travail, le football, la musique et le paddle. J&rsquo;aime faire du sport et passer du temps avec mes amis. J&rsquo;aime voyager en Espagne et en Europe, et j&rsquo;appr\u00e9cie particuli\u00e8rement la plage en \u00e9t\u00e9 avec ma famille et mes amis proches.<\/p>\n<\/div><\/section><\/div><\/div><!--close column table wrapper. Autoclose:  -->\n<\/p>\n<\/div><\/div><\/div><!-- close content main div --><\/div><\/div><div id='av_section_5' class='avia-section main_color avia-section-no-padding avia-no-border-styling avia-bg-style-scroll   faq-outer testimonial-que container_wrap fullsize'   ><div class='container' ><div class='template-page content  av-content-full alpha units'><div class='post-entry post-entry-type-page post-entry-17962'><div class='entry-content-wrapper clearfix'>\n<div class='flex_column_table av-equal-height-column-flextable' ><div class=\"flex_column av_one_third  flex_column_table_cell av-equal-height-column av-align-top av-zero-column-padding first   \" style='border-radius:0px; '><section class=\"av_textblock_section\"  itemscope=\"itemscope\" itemtype=\"https:\/\/schema.org\/BlogPosting\" itemprop=\"blogPost\" ><div class='avia_textblock '   itemprop=\"text\" ><p>Racontez-nous votre parcours chez Willis Towers Watson.<\/p>\n<\/div><\/section><\/div><div class='av-flex-placeholder'><\/div><div class=\"flex_column av_two_third  flex_column_table_cell av-equal-height-column av-align-top av-zero-column-padding   \" style='border-radius:0px; '><section class=\"av_textblock_section\"  itemscope=\"itemscope\" itemtype=\"https:\/\/schema.org\/BlogPosting\" itemprop=\"blogPost\" ><div class='avia_textblock '   itemprop=\"text\" ><p>J\u2019ai rejoint Willis Towers Watson en tant que stagiaire au sein du d\u00e9partement Loisirs et Tourisme en 2013. J&rsquo;\u00e9tais en support d&rsquo;un charg\u00e9 de client\u00e8le pour la r\u00e9alisation des revues des polices, la coordination avec les courtiers locaux et la pr\u00e9paration des rapports de sinistralit\u00e9. En 2015, j&rsquo;ai \u00e9t\u00e9 embauch\u00e9 en tant que commercial junior, en soutien de l&rsquo;\u00e9quipe de prospection client. On m&rsquo;a ensuite propos\u00e9 un poste de business analyst pour centraliser les t\u00e2ches administratives et financi\u00e8res en vue de cr\u00e9er une nouvelle \u00e9quipe au sein de la direction des op\u00e9rations en Espagne. Je suis ensuite devenu chef de projet en audit interne, en coordination avec le groupe d&rsquo;audit interne de Willis Towers Watson et l&rsquo;activit\u00e9 Iberia pour finaliser les cas non r\u00e9solus li\u00e9s aux fonctions Finance, RH, op\u00e9rations, gouvernance et affaires juridiques.<\/p>\n<\/div><\/section><\/div><\/div><!--close column table wrapper. Autoclose:  -->\n\n<\/div><\/div><\/div><!-- close content main div --><\/div><\/div><div id='av_section_6' class='avia-section main_color avia-section-no-padding avia-no-border-styling avia-bg-style-scroll   faq-outer testimonial-que container_wrap fullsize'   ><div class='container' ><div class='template-page content  av-content-full alpha units'><div class='post-entry post-entry-type-page post-entry-17962'><div class='entry-content-wrapper clearfix'>\n<div class='flex_column_table av-equal-height-column-flextable' ><div class=\"flex_column av_one_third  flex_column_table_cell av-equal-height-column av-align-top av-zero-column-padding first   \" style='border-radius:0px; '><section class=\"av_textblock_section\"  itemscope=\"itemscope\" itemtype=\"https:\/\/schema.org\/BlogPosting\" itemprop=\"blogPost\" ><div class='avia_textblock '   itemprop=\"text\" ><p>Pouvez-vous nous d\u00e9crire vos missions au quotidien ?<\/p>\n<\/div><\/section><\/div><div class='av-flex-placeholder'><\/div><div class=\"flex_column av_two_third  flex_column_table_cell av-equal-height-column av-align-top av-zero-column-padding   \" style='border-radius:0px; '><section class=\"av_textblock_section\"  itemscope=\"itemscope\" itemtype=\"https:\/\/schema.org\/BlogPosting\" itemprop=\"blogPost\" ><div class='avia_textblock '   itemprop=\"text\" ><p>Je travaille dans diff\u00e9rents domaines \u2013 op\u00e9rations, gestion des clients, sant\u00e9 et avantages sociaux. J&rsquo;analyse les nouvelles opportunit\u00e9s commerciales, je coordonne les campagnes commerciales, je pilote des projets strat\u00e9giques et je mets en place de nouveaux outils informatiques. Par exemple, nous avons d\u00e9ploy\u00e9 un nouvel outil commercial pour identifier de nouvelles opportunit\u00e9s d&rsquo;affaires et de ventes crois\u00e9es. Je suis charg\u00e9 de mettre en place le nouvel outil dans les d\u00e9lais, et de r\u00e9pondre aux exigences et aux attentes de l\u2019entreprise. Cela suppose de planifier le projet, d\u2019anticiper la transition et de pr\u00e9parer les supports de formation et les strat\u00e9gies de communication pour soutenir le changement au sein de l&rsquo;organisation. Dans le cadre de ce projet, nous d\u00e9veloppons un microsite, des supports marketing tels que des vid\u00e9os et nous organisons des \u00e9v\u00e9nements innovants pour le d\u00e9partement Sant\u00e9 et avantages sociaux.<\/p>\n<\/div><\/section><\/div><\/div><!--close column table wrapper. Autoclose:  -->\n\n<\/div><\/div><\/div><!-- close content main div --><\/div><\/div><div id='av_section_7' class='avia-section main_color avia-section-no-padding avia-no-border-styling avia-bg-style-scroll   faq-outer testimonial-que container_wrap fullsize'   ><div class='container' ><div class='template-page content  av-content-full alpha units'><div class='post-entry post-entry-type-page post-entry-17962'><div class='entry-content-wrapper clearfix'>\n<div class='flex_column_table av-equal-height-column-flextable' ><div class=\"flex_column av_one_third  flex_column_table_cell av-equal-height-column av-align-top av-zero-column-padding first   \" style='border-radius:0px; '><section class=\"av_textblock_section\"  itemscope=\"itemscope\" itemtype=\"https:\/\/schema.org\/BlogPosting\" itemprop=\"blogPost\" ><div class='avia_textblock '   itemprop=\"text\" ><p>Quels sont les principaux d\u00e9fis li\u00e9s \u00e0 votre fonction ? Comment les avez-vous surmont\u00e9s ?<\/p>\n<\/div><\/section><\/div><div class='av-flex-placeholder'><\/div><div class=\"flex_column av_two_third  flex_column_table_cell av-equal-height-column av-align-top av-zero-column-padding   \" style='border-radius:0px; '><section class=\"av_textblock_section\"  itemscope=\"itemscope\" itemtype=\"https:\/\/schema.org\/BlogPosting\" itemprop=\"blogPost\" ><div class='avia_textblock '   itemprop=\"text\" ><p>Travailler sur diff\u00e9rents projets implique de travailler avec des collaborateurs de diverses entit\u00e9s. M\u00eame s&rsquo;ils ne vous sont pas directement rattach\u00e9s, ces collaborateurs sont garants de la r\u00e9ussite du projet. Vous avez donc besoin d&rsquo;eux pour prioriser et r\u00e9aliser les t\u00e2ches. En les motivant, en leur expliquant l\u2019importance de leur contribution et en les remerciant, vous pouvez surmonter ces d\u00e9fis. Mettre en \u0153uvre le changement et accompagner les coll\u00e8gues dans ces efforts est un autre d\u00e9fi cl\u00e9. Habituellement, le changement fait peur car il nous oblige \u00e0 sortir de notre zone de confort. Les processus, outils, m\u00e9thodologies, structures et t\u00e2ches \u00e9voluent souvent au sein de l&rsquo;organisation, vous devez donc \u00eatre s\u00fbr du bien-fond\u00e9 du changement requis (efficacit\u00e9, normes du groupe, qualit\u00e9, contr\u00f4le, etc.).<\/p>\n<\/div><\/section><\/div><\/div><!--close column table wrapper. Autoclose:  -->\n\n<\/div><\/div><\/div><!-- close content main div --><\/div><\/div><div id='av_section_8' class='avia-section main_color avia-section-no-padding avia-no-border-styling avia-bg-style-scroll   faq-outer testimonial-que container_wrap fullsize'   ><div class='container' ><div class='template-page content  av-content-full alpha units'><div class='post-entry post-entry-type-page post-entry-17962'><div class='entry-content-wrapper clearfix'>\n<div class='flex_column_table av-equal-height-column-flextable' ><div class=\"flex_column av_one_third  flex_column_table_cell av-equal-height-column av-align-top av-zero-column-padding first   \" style='border-radius:0px; '><section class=\"av_textblock_section\"  itemscope=\"itemscope\" itemtype=\"https:\/\/schema.org\/BlogPosting\" itemprop=\"blogPost\" ><div class='avia_textblock '   itemprop=\"text\" ><p>Quelles opportunit\u00e9s de formation et de d\u00e9veloppement vous ont \u00e9t\u00e9 offertes dans le cadre de votre fonction ?<\/p>\n<\/div><\/section><\/div><div class='av-flex-placeholder'><\/div><div class=\"flex_column av_two_third  flex_column_table_cell av-equal-height-column av-align-top av-zero-column-padding   \" style='border-radius:0px; '><section class=\"av_textblock_section\"  itemscope=\"itemscope\" itemtype=\"https:\/\/schema.org\/BlogPosting\" itemprop=\"blogPost\" ><div class='avia_textblock '   itemprop=\"text\" ><p>Pour moi, l&rsquo;exp\u00e9rience professionnelle est une des opportunit\u00e9s les plus importantes, notamment ce que j\u2019apprends gr\u00e2ce \u00e0 mes collaborateurs directs et mes autres coll\u00e8gues. Le feedback continu et la transparence sont essentiels, et c&rsquo;est ce \u00e0 quoi je travaille en tant que leader. En outre, chaque ann\u00e9e, j\u2019essaie de me perfectionner dans mon m\u00e9tier en suivant de nouvelles formations li\u00e9es aux projets, aux op\u00e9rations et \u00e0 la conduite du changement. J&rsquo;ai r\u00e9cemment obtenu la certification de l\u2019Institut of Leadership and Management.<\/p>\n<\/div><\/section><\/div><\/div><!--close column table wrapper. Autoclose:  -->\n\n<\/div><\/div><\/div><!-- close content main div --><\/div><\/div><div id='av_section_9' class='avia-section main_color avia-section-no-padding avia-no-border-styling avia-bg-style-scroll   faq-outer testimonial-que container_wrap fullsize'   ><div class='container' ><div class='template-page content  av-content-full alpha units'><div class='post-entry post-entry-type-page post-entry-17962'><div class='entry-content-wrapper clearfix'>\n<div class='flex_column_table av-equal-height-column-flextable' ><div class=\"flex_column av_one_third  flex_column_table_cell av-equal-height-column av-align-top av-zero-column-padding first   \" style='border-radius:0px; '><section class=\"av_textblock_section\"  itemscope=\"itemscope\" itemtype=\"https:\/\/schema.org\/BlogPosting\" itemprop=\"blogPost\" ><div class='avia_textblock '   itemprop=\"text\" ><p>Quelle est votre plus grande fiert\u00e9 depuis que vous avez rejoint Willis Towers Watson ?<\/p>\n<\/div><\/section><\/div><div class='av-flex-placeholder'><\/div><div class=\"flex_column av_two_third  flex_column_table_cell av-equal-height-column av-align-top av-zero-column-padding   \" style='border-radius:0px; '><section class=\"av_textblock_section\"  itemscope=\"itemscope\" itemtype=\"https:\/\/schema.org\/BlogPosting\" itemprop=\"blogPost\" ><div class='avia_textblock '   itemprop=\"text\" ><p>Travailler sur le programme d&rsquo;am\u00e9lioration op\u00e9rationnelle pour introduire un nouvel outil commercial a \u00e9t\u00e9 tr\u00e8s stimulant, car il s&rsquo;agissait d&rsquo;un des plus grands changements au sein de l\u2019entreprise ces derni\u00e8res ann\u00e9es. J&rsquo;ai travaill\u00e9 en \u00e9troite collaboration avec la direction de la r\u00e9gion Iberia et ils ont \u00e9t\u00e9 tr\u00e8s investis dans la r\u00e9ussite du projet. J&rsquo;ai \u00e9t\u00e9 \u00e9galement fier de soutenir le directeur du segment Sant\u00e9 et Avantages sociaux Europe de l\u2019ouest dans la construction d&rsquo;une nouvelle organisation par m\u00e9tier. J\u2019aime aider les stagiaires \u00e0 progresser et \u00e9voluer vers d\u2019autres fonctions.<\/p>\n<\/div><\/section><\/div><\/div><!--close column table wrapper. Autoclose:  -->\n\n<\/div><\/div><\/div><!-- close content main div --><\/div><\/div><div id='av_section_10' class='avia-section main_color avia-section-no-padding avia-no-border-styling avia-bg-style-scroll   faq-outer testimonial-que container_wrap fullsize'   ><div class='container' ><div class='template-page content  av-content-full alpha units'><div class='post-entry post-entry-type-page post-entry-17962'><div class='entry-content-wrapper clearfix'>\n<div class='flex_column_table av-equal-height-column-flextable' ><div class=\"flex_column av_one_third  flex_column_table_cell av-equal-height-column av-align-top av-zero-column-padding first   \" style='border-radius:0px; '><section class=\"av_textblock_section\"  itemscope=\"itemscope\" itemtype=\"https:\/\/schema.org\/BlogPosting\" itemprop=\"blogPost\" ><div class='avia_textblock '   itemprop=\"text\" ><p>Comment d\u00e9cririez-vous la culture chez Willis Towers Watson ?<\/p>\n<\/div><\/section><\/div><div class='av-flex-placeholder'><\/div><div class=\"flex_column av_two_third  flex_column_table_cell av-equal-height-column av-align-top av-zero-column-padding   \" style='border-radius:0px; '><section class=\"av_textblock_section\"  itemscope=\"itemscope\" itemtype=\"https:\/\/schema.org\/BlogPosting\" itemprop=\"blogPost\" ><div class='avia_textblock '   itemprop=\"text\" ><p>La culture de Willis Towers Watson est diversifi\u00e9e, comp\u00e9titive sur le march\u00e9 et orient\u00e9e client. Elle est un r\u00e9el atout pour conqu\u00e9rir de nouveaux march\u00e9s.<\/p>\n<\/div><\/section><\/div><\/div><!--close column table wrapper. Autoclose:  -->\n\n<\/div><\/div><\/div><!-- close content main div --><\/div><\/div><div id='av_section_11' class='avia-section main_color avia-section-no-padding avia-no-border-styling avia-bg-style-scroll   faq-outer testimonial-que container_wrap fullsize'   ><div class='container' ><div class='template-page content  av-content-full alpha units'><div class='post-entry post-entry-type-page post-entry-17962'><div class='entry-content-wrapper clearfix'>\n<div class='flex_column_table av-equal-height-column-flextable' ><div class=\"flex_column av_one_third  flex_column_table_cell av-equal-height-column av-align-top av-zero-column-padding first   \" style='border-radius:0px; '><section class=\"av_textblock_section\"  itemscope=\"itemscope\" itemtype=\"https:\/\/schema.org\/BlogPosting\" itemprop=\"blogPost\" ><div class='avia_textblock '   itemprop=\"text\" ><p>Quel est l&rsquo;aspect de votre travail que vous pr\u00e9f\u00e9rez ?<\/p>\n<\/div><\/section><\/div><div class='av-flex-placeholder'><\/div><div class=\"flex_column av_two_third  flex_column_table_cell av-equal-height-column av-align-top av-zero-column-padding   \" style='border-radius:0px; '><section class=\"av_textblock_section\"  itemscope=\"itemscope\" itemtype=\"https:\/\/schema.org\/BlogPosting\" itemprop=\"blogPost\" ><div class='avia_textblock '   itemprop=\"text\" ><p>Mes managers et les membres de la direction, aupr\u00e8s desquels j&rsquo;apprends chaque jour, forcent le respect, ils ont suivi des parcours impressionnants. Mon travail est diff\u00e9rent tous les jours. Mes responsabilit\u00e9s servent l\u2019avenir de l\u2019entreprise, ce qui me conforte dans l\u2019impression d&rsquo;\u00eatre utile \u00e0 son succ\u00e8s et \u00e0 sa croissance.<\/p>\n<\/div><\/section><\/div><\/div><!--close column table wrapper. Autoclose:  -->\n\n<\/div><\/div><\/div><!-- close content main div --><\/div><\/div><div id='av_section_12' class='avia-section main_color avia-section-no-padding avia-no-border-styling avia-bg-style-scroll   faq-outer testimonial-que container_wrap fullsize'   ><div class='container' ><div class='template-page content  av-content-full alpha units'><div class='post-entry post-entry-type-page post-entry-17962'><div class='entry-content-wrapper clearfix'>\n<div class='flex_column_table av-equal-height-column-flextable' ><div class=\"flex_column av_one_third  flex_column_table_cell av-equal-height-column av-align-top av-zero-column-padding first   \" style='border-radius:0px; '><section class=\"av_textblock_section\"  itemscope=\"itemscope\" itemtype=\"https:\/\/schema.org\/BlogPosting\" itemprop=\"blogPost\" ><div class='avia_textblock '   itemprop=\"text\" ><p>Qu\u2019aimeriez-vous pour la suite de votre carri\u00e8re ?<\/p>\n<\/div><\/section><\/div><div class='av-flex-placeholder'><\/div><div class=\"flex_column av_two_third  flex_column_table_cell av-equal-height-column av-align-top av-zero-column-padding   \" style='border-radius:0px; '><section class=\"av_textblock_section\"  itemscope=\"itemscope\" itemtype=\"https:\/\/schema.org\/BlogPosting\" itemprop=\"blogPost\" ><div class='avia_textblock '   itemprop=\"text\" ><p>Je souhaite continuer \u00e0 me former et \u00e0 apporter de la valeur \u00e0 l\u2019entreprise. Je souhaiterais passer un M.B.A., travailler pour Willis Towers Watson dans d\u2019autres pays et enseigner \u00e0 l\u2019universit\u00e9 dans les domaines de la strat\u00e9gie, des op\u00e9rations ou des ventes.<\/p>\n<\/div><\/section><\/div><\/div><!--close column table wrapper. Autoclose:  -->\n\n<\/div><\/div><\/div><!-- close content main div --><\/div><\/div><div id='av_section_13' class='avia-section main_color avia-section-no-padding avia-no-border-styling avia-bg-style-scroll   faq-outer testimonial-que container_wrap fullsize'   ><div class='container' ><div class='template-page content  av-content-full alpha units'><div class='post-entry post-entry-type-page post-entry-17962'><div class='entry-content-wrapper clearfix'>\n<div class='flex_column_table av-equal-height-column-flextable' ><div class=\"flex_column av_one_third  flex_column_table_cell av-equal-height-column av-align-top av-zero-column-padding first   \" style='border-radius:0px; '><section class=\"av_textblock_section\"  itemscope=\"itemscope\" itemtype=\"https:\/\/schema.org\/BlogPosting\" itemprop=\"blogPost\" ><div class='avia_textblock '   itemprop=\"text\" ><p>Sur la base de votre exp\u00e9rience, quels conseils donneriez-vous \u00e0 quelqu\u2019un qui envisage de postuler chez Willis Towers Watson ?<\/p>\n<\/div><\/section><\/div><div class='av-flex-placeholder'><\/div><div class=\"flex_column av_two_third  flex_column_table_cell av-equal-height-column av-align-top av-zero-column-padding   \" style='border-radius:0px; '><section class=\"av_textblock_section\"  itemscope=\"itemscope\" itemtype=\"https:\/\/schema.org\/BlogPosting\" itemprop=\"blogPost\" ><div class='avia_textblock '   itemprop=\"text\" ><p>Mon conseil \u00e0 un futur coll\u00e8gue ? Soyez passionn\u00e9 et ouvert au changement ; collaborez avec les diff\u00e9rentes \u00e9quipes ; trouvez un mentor pour vous aider dans votre \u00e9volution professionnelle ; et enfin, familiarisez-vous avec l\u2019activit\u00e9 de courtage et de conseil et les diff\u00e9rents acteurs du march\u00e9.<\/p>\n<\/div><\/section><\/div><\/div><!--close column table wrapper. Autoclose:  -->\n\n<\/div><\/div><\/div><!-- close content main div --><\/div><\/div><div id='av_section_14' class='avia-section main_color avia-section-default avia-no-border-styling avia-bg-style-scroll  whats-new hidden-mobile container_wrap fullsize'   ><div class='container' ><div class='template-page content  av-content-full alpha units'><div class='post-entry post-entry-type-page post-entry-17962'><div class='entry-content-wrapper clearfix'>\n<section class=\"av_textblock_section\"  itemscope=\"itemscope\" itemtype=\"https:\/\/schema.org\/BlogPosting\" itemprop=\"blogPost\" ><div class='avia_textblock '   itemprop=\"text\" ><h2 class=\"inner-heading mb0\">RENCONTRER NOS COLLABORATEURS<\/h2>\n<\/div><\/section>\n\n\n<\/div><\/div><\/div><!-- close content main div --><\/div><\/div><div id='av_section_15' class='avia-section main_color avia-section-default avia-no-border-styling avia-bg-style-scroll  whats-new hidden-desktop visible-mobile container_wrap fullsize'   ><div class='container' ><div class='template-page content  av-content-full alpha units'><div class='post-entry post-entry-type-page post-entry-17962'><div class='entry-content-wrapper clearfix'>\n<section class=\"av_textblock_section\"  itemscope=\"itemscope\" itemtype=\"https:\/\/schema.org\/BlogPosting\" itemprop=\"blogPost\" ><div class='avia_textblock '   itemprop=\"text\" ><h2 class=\"inner-heading mb0\">RENCONTRER NOS COLLABORATEURS<\/h2>\n<\/div><\/section>\n\n\n","protected":false},"excerpt":{"rendered":"<p>Project Manager, Iberia <span class=\"location\">Madrid, Espagne<\/span><br \/>\n<span class=\"category-map hidden\">Gestion de Projet<\/span><\/p>\n","protected":false},"author":962,"featured_media":6474,"comment_status":"closed","ping_status":"closed","sticky":false,"template":"","format":"standard","meta":{"pgc_meta":"","footnotes":""},"categories":[2039],"tags":[],"location_type":[],"class_list":["post-17962","post","type-post","status-publish","format-standard","has-post-thumbnail","hentry","category-project-management-fr"],"yoast_head":"<!-- This site is optimized with the Yoast SEO Premium plugin v23.0 (Yoast SEO v23.0) - https:\/\/yoast.com\/wordpress\/plugins\/seo\/ -->\n<title>Rencontre Avec Jaime S\u00e1nchez G\u00f3mez-Landero - Willis Towers Watson<\/title>\n<meta name=\"description\" content=\"Rencontre Avec Jaime S\u00e1nchez G\u00f3mez-Landero. T\u00e9moignages - Project Manager, Iberia\" \/>\n<meta name=\"robots\" content=\"index, follow, max-snippet:-1, max-image-preview:large, max-video-preview:-1\" \/>\n<link rel=\"canonical\" href=\"https:\/\/careers.wtwco.com\/fr\/2020\/05\/17\/jaime-sanchez-gomez-landero\/\" \/>\n<meta property=\"og:locale\" content=\"fr_FR\" \/>\n<meta property=\"og:type\" content=\"article\" \/>\n<meta property=\"og:title\" content=\"Jaime S\u00e1nchez G\u00f3mez-Landero\" \/>\n<meta property=\"og:description\" content=\"Rencontre Avec Jaime S\u00e1nchez G\u00f3mez-Landero. T\u00e9moignages - Project Manager, Iberia\" \/>\n<meta property=\"og:url\" content=\"https:\/\/careers.wtwco.com\/fr\/2020\/05\/17\/jaime-sanchez-gomez-landero\/\" \/>\n<meta property=\"article:published_time\" content=\"2020-05-17T11:10:03+00:00\" \/>\n<meta property=\"article:modified_time\" content=\"2020-06-15T16:45:31+00:00\" \/>\n<meta property=\"og:image\" content=\"https:\/\/willistowerwatson.site.findly.com\/wp-content\/uploads\/sites\/830\/2019\/01\/71.jpg\" \/>\n\t<meta property=\"og:image:width\" content=\"280\" \/>\n\t<meta property=\"og:image:height\" content=\"273\" \/>\n\t<meta property=\"og:image:type\" content=\"image\/jpeg\" \/>\n<meta name=\"twitter:label1\" content=\"\u00c9crit par\" \/>\n\t<meta name=\"twitter:data1\" content=\"\" \/>\n\t<meta name=\"twitter:label2\" content=\"Dur\u00e9e de lecture estim\u00e9e\" \/>\n\t<meta name=\"twitter:data2\" content=\"20 minutes\" \/>\n<script type=\"application\/ld+json\" class=\"yoast-schema-graph\">{\"@context\":\"https:\/\/schema.org\",\"@graph\":[{\"@type\":\"WebPage\",\"@id\":\"https:\/\/careers.wtwco.com\/fr\/2020\/05\/17\/jaime-sanchez-gomez-landero\/\",\"url\":\"https:\/\/careers.wtwco.com\/fr\/2020\/05\/17\/jaime-sanchez-gomez-landero\/\",\"name\":\"Rencontre Avec Jaime S\u00e1nchez G\u00f3mez-Landero - Willis Towers Watson\",\"isPartOf\":{\"@id\":\"https:\/\/careers.wtwco.com\/#website\"},\"primaryImageOfPage\":{\"@id\":\"https:\/\/careers.wtwco.com\/fr\/2020\/05\/17\/jaime-sanchez-gomez-landero\/#primaryimage\"},\"image\":{\"@id\":\"https:\/\/careers.wtwco.com\/fr\/2020\/05\/17\/jaime-sanchez-gomez-landero\/#primaryimage\"},\"thumbnailUrl\":\"https:\/\/willistowerwatson.site.findly.com\/wp-content\/uploads\/sites\/3376\/2019\/01\/71.jpg\",\"datePublished\":\"2020-05-17T11:10:03+00:00\",\"dateModified\":\"2020-06-15T16:45:31+00:00\",\"author\":{\"@id\":\"\"},\"description\":\"Rencontre Avec Jaime S\u00e1nchez G\u00f3mez-Landero. T\u00e9moignages - Project Manager, Iberia\",\"breadcrumb\":{\"@id\":\"https:\/\/careers.wtwco.com\/fr\/2020\/05\/17\/jaime-sanchez-gomez-landero\/#breadcrumb\"},\"inLanguage\":\"fr-FR\",\"potentialAction\":[{\"@type\":\"ReadAction\",\"target\":[\"https:\/\/careers.wtwco.com\/fr\/2020\/05\/17\/jaime-sanchez-gomez-landero\/\"]}]},{\"@type\":\"ImageObject\",\"inLanguage\":\"fr-FR\",\"@id\":\"https:\/\/careers.wtwco.com\/fr\/2020\/05\/17\/jaime-sanchez-gomez-landero\/#primaryimage\",\"url\":\"https:\/\/willistowerwatson.site.findly.com\/wp-content\/uploads\/sites\/3376\/2019\/01\/71.jpg\",\"contentUrl\":\"https:\/\/willistowerwatson.site.findly.com\/wp-content\/uploads\/sites\/3376\/2019\/01\/71.jpg\",\"width\":280,\"height\":273,\"caption\":\"Jaime S\u00e1nchez G\u00f3mez-Landero\"},{\"@type\":\"BreadcrumbList\",\"@id\":\"https:\/\/careers.wtwco.com\/fr\/2020\/05\/17\/jaime-sanchez-gomez-landero\/#breadcrumb\",\"itemListElement\":[{\"@type\":\"ListItem\",\"position\":1,\"name\":\"Home\",\"item\":\"https:\/\/careers.wtwco.com\/fr\/\"},{\"@type\":\"ListItem\",\"position\":2,\"name\":\"Jaime S\u00e1nchez G\u00f3mez-Landero\"}]},{\"@type\":\"WebSite\",\"@id\":\"https:\/\/careers.wtwco.com\/#website\",\"url\":\"https:\/\/careers.wtwco.com\/\",\"name\":\"\",\"description\":\"ibee Demo Site\",\"potentialAction\":[{\"@type\":\"SearchAction\",\"target\":{\"@type\":\"EntryPoint\",\"urlTemplate\":\"https:\/\/careers.wtwco.com\/?s={search_term_string}\"},\"query-input\":\"required name=search_term_string\"}],\"inLanguage\":\"fr-FR\"},{\"@type\":\"Person\",\"@id\":\"\",\"url\":\"https:\/\/willistowerwatson.site.findly.com\/fr\/author\/\"}]}<\/script>\n<!-- \/ Yoast SEO Premium plugin. -->","yoast_head_json":{"title":"Rencontre Avec Jaime S\u00e1nchez G\u00f3mez-Landero - Willis Towers Watson","description":"Rencontre Avec Jaime S\u00e1nchez G\u00f3mez-Landero. T\u00e9moignages - Project Manager, Iberia","robots":{"index":"index","follow":"follow","max-snippet":"max-snippet:-1","max-image-preview":"max-image-preview:large","max-video-preview":"max-video-preview:-1"},"canonical":"https:\/\/careers.wtwco.com\/fr\/2020\/05\/17\/jaime-sanchez-gomez-landero\/","og_locale":"fr_FR","og_type":"article","og_title":"Jaime S\u00e1nchez G\u00f3mez-Landero","og_description":"Rencontre Avec Jaime S\u00e1nchez G\u00f3mez-Landero. T\u00e9moignages - Project Manager, Iberia","og_url":"https:\/\/careers.wtwco.com\/fr\/2020\/05\/17\/jaime-sanchez-gomez-landero\/","article_published_time":"2020-05-17T11:10:03+00:00","article_modified_time":"2020-06-15T16:45:31+00:00","og_image":[{"width":280,"height":273,"url":"https:\/\/willistowerwatson.site.findly.com\/wp-content\/uploads\/sites\/830\/2019\/01\/71.jpg","type":"image\/jpeg"}],"twitter_misc":{"\u00c9crit par":"","Dur\u00e9e de lecture estim\u00e9e":"20 minutes"},"schema":{"@context":"https:\/\/schema.org","@graph":[{"@type":"WebPage","@id":"https:\/\/careers.wtwco.com\/fr\/2020\/05\/17\/jaime-sanchez-gomez-landero\/","url":"https:\/\/careers.wtwco.com\/fr\/2020\/05\/17\/jaime-sanchez-gomez-landero\/","name":"Rencontre Avec Jaime S\u00e1nchez G\u00f3mez-Landero - Willis Towers Watson","isPartOf":{"@id":"https:\/\/careers.wtwco.com\/#website"},"primaryImageOfPage":{"@id":"https:\/\/careers.wtwco.com\/fr\/2020\/05\/17\/jaime-sanchez-gomez-landero\/#primaryimage"},"image":{"@id":"https:\/\/careers.wtwco.com\/fr\/2020\/05\/17\/jaime-sanchez-gomez-landero\/#primaryimage"},"thumbnailUrl":"https:\/\/willistowerwatson.site.findly.com\/wp-content\/uploads\/sites\/3376\/2019\/01\/71.jpg","datePublished":"2020-05-17T11:10:03+00:00","dateModified":"2020-06-15T16:45:31+00:00","author":{"@id":""},"description":"Rencontre Avec Jaime S\u00e1nchez G\u00f3mez-Landero. T\u00e9moignages - Project Manager, Iberia","breadcrumb":{"@id":"https:\/\/careers.wtwco.com\/fr\/2020\/05\/17\/jaime-sanchez-gomez-landero\/#breadcrumb"},"inLanguage":"fr-FR","potentialAction":[{"@type":"ReadAction","target":["https:\/\/careers.wtwco.com\/fr\/2020\/05\/17\/jaime-sanchez-gomez-landero\/"]}]},{"@type":"ImageObject","inLanguage":"fr-FR","@id":"https:\/\/careers.wtwco.com\/fr\/2020\/05\/17\/jaime-sanchez-gomez-landero\/#primaryimage","url":"https:\/\/willistowerwatson.site.findly.com\/wp-content\/uploads\/sites\/3376\/2019\/01\/71.jpg","contentUrl":"https:\/\/willistowerwatson.site.findly.com\/wp-content\/uploads\/sites\/3376\/2019\/01\/71.jpg","width":280,"height":273,"caption":"Jaime S\u00e1nchez G\u00f3mez-Landero"},{"@type":"BreadcrumbList","@id":"https:\/\/careers.wtwco.com\/fr\/2020\/05\/17\/jaime-sanchez-gomez-landero\/#breadcrumb","itemListElement":[{"@type":"ListItem","position":1,"name":"Home","item":"https:\/\/careers.wtwco.com\/fr\/"},{"@type":"ListItem","position":2,"name":"Jaime S\u00e1nchez G\u00f3mez-Landero"}]},{"@type":"WebSite","@id":"https:\/\/careers.wtwco.com\/#website","url":"https:\/\/careers.wtwco.com\/","name":"","description":"ibee Demo Site","potentialAction":[{"@type":"SearchAction","target":{"@type":"EntryPoint","urlTemplate":"https:\/\/careers.wtwco.com\/?s={search_term_string}"},"query-input":"required name=search_term_string"}],"inLanguage":"fr-FR"},{"@type":"Person","@id":"","url":"https:\/\/willistowerwatson.site.findly.com\/fr\/author\/"}]}},"_links":{"self":[{"href":"https:\/\/willistowerwatson.site.findly.com\/fr\/wp-json\/wp\/v2\/posts\/17962","targetHints":{"allow":["GET"]}}],"collection":[{"href":"https:\/\/willistowerwatson.site.findly.com\/fr\/wp-json\/wp\/v2\/posts"}],"about":[{"href":"https:\/\/willistowerwatson.site.findly.com\/fr\/wp-json\/wp\/v2\/types\/post"}],"author":[{"embeddable":true,"href":"https:\/\/willistowerwatson.site.findly.com\/fr\/wp-json\/wp\/v2\/users\/962"}],"replies":[{"embeddable":true,"href":"https:\/\/willistowerwatson.site.findly.com\/fr\/wp-json\/wp\/v2\/comments?post=17962"}],"version-history":[{"count":0,"href":"https:\/\/willistowerwatson.site.findly.com\/fr\/wp-json\/wp\/v2\/posts\/17962\/revisions"}],"wp:featuredmedia":[{"embeddable":true,"href":"https:\/\/willistowerwatson.site.findly.com\/fr\/wp-json\/wp\/v2\/media\/6474"}],"wp:attachment":[{"href":"https:\/\/willistowerwatson.site.findly.com\/fr\/wp-json\/wp\/v2\/media?parent=17962"}],"wp:term":[{"taxonomy":"category","embeddable":true,"href":"https:\/\/willistowerwatson.site.findly.com\/fr\/wp-json\/wp\/v2\/categories?post=17962"},{"taxonomy":"post_tag","embeddable":true,"href":"https:\/\/willistowerwatson.site.findly.com\/fr\/wp-json\/wp\/v2\/tags?post=17962"},{"taxonomy":"location_type","embeddable":true,"href":"https:\/\/willistowerwatson.site.findly.com\/fr\/wp-json\/wp\/v2\/location_type?post=17962"}],"curies":[{"name":"wp","href":"https:\/\/api.w.org\/{rel}","templated":true}]}}